{"id":964,"date":"2026-03-11T12:46:08","date_gmt":"2026-03-11T11:46:08","guid":{"rendered":"https:\/\/arcedula.hu\/blog\/?p=964"},"modified":"2026-03-11T12:46:08","modified_gmt":"2026-03-11T11:46:08","slug":"fenyvedelem-minden-evszakban-miert-nem-szabad-csak-nyaron-figyelni-ra","status":"publish","type":"post","link":"https:\/\/arcedula.hu\/blog\/2026\/03\/11\/fenyvedelem-minden-evszakban-miert-nem-szabad-csak-nyaron-figyelni-ra\/","title":{"rendered":"F\u00e9nyv\u00e9delem minden \u00e9vszakban: mi\u00e9rt nem szabad csak ny\u00e1ron figyelni r\u00e1?"},"content":{"rendered":"<p>Sokan a f\u00e9nyv\u00e9delemre kiz\u00e1r\u00f3lag ny\u00e1ron gondolnak, amikor a naps\u00fct\u00e9s er\u0151sebben \u00e9ri a b\u0151rt \u00e9s a k\u00fclt\u00e9ri tereket. Azonban az UV-sug\u00e1rz\u00e1s a hidegebb h\u00f3napokban is jelen van, \u00e9s hossz\u00fa t\u00e1von komoly k\u00e1rokat okozhat. A <a href=\"https:\/\/olivianatural.hu\/termekcimke\/fenyvedelem\/\">tudatos f\u00e9nyv\u00e9delem<\/a> nemcsak a b\u0151r eg\u00e9szs\u00e9g\u00e9t v\u00e9di, hanem a k\u00fclt\u00e9ri berendez\u00e9sek \u00e9s anyagok \u00e9lettartam\u00e1t is n\u00f6veli.<\/p>\n<p>T\u00e9len a napsugarak alacsonyabb sz\u00f6gben \u00e9rkeznek, de a h\u00f3 \u00e9s a j\u00e9g visszaverik az UV-sugarakat, \u00edgy a b\u0151r \u00e9s a t\u00e1rgyak k\u00e9tszeres terhel\u00e9snek vannak kit\u00e9ve. Ha nem alkalmazunk megfelel\u0151 f\u00e9nyv\u00e9delem, k\u00f6nnyen el\u0151fordulhat b\u0151rk\u00e1rosod\u00e1s, kipirosod\u00e1s vagy korai \u00f6reged\u00e9s. Emellett a k\u00fclt\u00e9ri b\u00fatorok, text\u00edli\u00e1k \u00e9s napvitorl\u00e1k anyagai is fakulhatnak vagy meggyeng\u00fclhetnek az \u00e1lland\u00f3 sug\u00e1rz\u00e1s miatt.<\/p>\n<p>A f\u00e9nyv\u00e9delem eg\u00e9sz \u00e9vben azt is jelenti, hogy nemcsak kr\u00e9mekkel vagy ruh\u00e1zattal v\u00e9dekez\u00fcnk, hanem a k\u00f6rnyezet\u00fcnket is \u00fagy alak\u00edtjuk, hogy a k\u00e1ros sugarak ne \u00e9rj\u00e9k k\u00f6zvetlen\u00fcl az \u00e9rz\u00e9keny fel\u00fcleteket. P\u00e9ld\u00e1ul a napvitorla haszn\u00e1lata vagy \u00e1rny\u00e9kol\u00f3 szerkezetek elhelyez\u00e9se t\u00e9len is jelent\u0151s el\u0151nyt ny\u00fajt. Rendszeres ellen\u0151rz\u00e9ssel \u00e9s tiszt\u00edt\u00e1ssal a f\u00e9nyv\u00e9delem hat\u00e9konys\u00e1ga n\u0151, \u00edgy a k\u00fclt\u00e9ri szerkezetek hosszabb ideig meg\u0151rzik eredeti \u00e1llapotukat.<\/p>\n<p>\u00c9rdemes teh\u00e1t a f\u00e9nyv\u00e9delemre nem csak ny\u00e1ron gondolni. A tudatos v\u00e9delem cs\u00f6kkenti a b\u0151rk\u00e1rosod\u00e1s, az anyagfakul\u00e1s \u00e9s az el\u0151rehozott kop\u00e1s kock\u00e1zat\u00e1t, \u00e9s lehet\u0151v\u00e9 teszi, hogy eg\u00e9sz \u00e9vben \u00e9lvezhess\u00fck a k\u00fclt\u00e9ri tereket biztons\u00e1gosan. A f\u00e9nyv\u00e9delem nem szezon\u00e1lis feladat, hanem folyamatos gondoskod\u00e1s, amely hossz\u00fa t\u00e1von kifizet\u0151d\u0151 mind az eg\u00e9szs\u00e9g, mind a berendez\u00e9sek szempontj\u00e1b\u00f3l.<\/p>\n","protected":false},"excerpt":{"rendered":"<p>Sokan a f\u00e9nyv\u00e9delemre kiz\u00e1r\u00f3lag ny\u00e1ron gondolnak, amikor a naps\u00fct\u00e9s er\u0151sebben \u00e9ri a b\u0151rt \u00e9s a k\u00fclt\u00e9ri tereket. Azonban az UV-sug\u00e1rz\u00e1s a hidegebb h\u00f3napokban is jelen van, \u00e9s hossz\u00fa t\u00e1von komoly k\u00e1rokat okozhat. A tudatos f\u00e9nyv\u00e9delem nemcsak a b\u0151r eg\u00e9szs\u00e9g\u00e9t v\u00e9di, hanem a k\u00fclt\u00e9ri berendez\u00e9sek \u00e9s anyagok \u00e9lettartam\u00e1t is n\u00f6veli. T\u00e9len a napsugarak alacsonyabb sz\u00f6gben \u00e9rkeznek, &hellip; <a href=\"https:\/\/arcedula.hu\/blog\/2026\/03\/11\/fenyvedelem-minden-evszakban-miert-nem-szabad-csak-nyaron-figyelni-ra\/\" class=\"more-link\"><span class=\"screen-reader-text\">F\u00e9nyv\u00e9delem minden \u00e9vszakban: mi\u00e9rt nem szabad csak ny\u00e1ron figyelni r\u00e1?<\/span> r\u00e9szletei&#8230;<\/a><\/p>\n","protected":false},"author":7,"featured_media":965,"comment_status":"closed","ping_status":"closed","sticky":false,"template":"","format":"standard","meta":[],"categories":[12],"tags":[],"_links":{"self":[{"href":"https:\/\/arcedula.hu\/blog\/wp-json\/wp\/v2\/posts\/964"}],"collection":[{"href":"https:\/\/arcedula.hu\/blog\/wp-json\/wp\/v2\/posts"}],"about":[{"href":"https:\/\/arcedula.hu\/blog\/wp-json\/wp\/v2\/types\/post"}],"author":[{"embeddable":true,"href":"https:\/\/arcedula.hu\/blog\/wp-json\/wp\/v2\/users\/7"}],"replies":[{"embeddable":true,"href":"https:\/\/arcedula.hu\/blog\/wp-json\/wp\/v2\/comments?post=964"}],"version-history":[{"count":1,"href":"https:\/\/arcedula.hu\/blog\/wp-json\/wp\/v2\/posts\/964\/revisions"}],"predecessor-version":[{"id":966,"href":"https:\/\/arcedula.hu\/blog\/wp-json\/wp\/v2\/posts\/964\/revisions\/966"}],"wp:featuredmedia":[{"embeddable":true,"href":"https:\/\/arcedula.hu\/blog\/wp-json\/wp\/v2\/media\/965"}],"wp:attachment":[{"href":"https:\/\/arcedula.hu\/blog\/wp-json\/wp\/v2\/media?parent=964"}],"wp:term":[{"taxonomy":"category","embeddable":true,"href":"https:\/\/arcedula.hu\/blog\/wp-json\/wp\/v2\/categories?post=964"},{"taxonomy":"post_tag","embeddable":true,"href":"https:\/\/arcedula.hu\/blog\/wp-json\/wp\/v2\/tags?post=964"}],"curies":[{"name":"wp","href":"https:\/\/api.w.org\/{rel}","templated":true}]}}