{"id":386,"date":"2018-12-08T14:26:35","date_gmt":"2018-12-08T13:26:35","guid":{"rendered":"http:\/\/arcedula.hu\/blog\/?p=386"},"modified":"2018-12-13T14:32:47","modified_gmt":"2018-12-13T13:32:47","slug":"igazi-vagy-mufenyo-hogyan-valasszam-ki-a-tokeletes-karacsonyfat","status":"publish","type":"post","link":"https:\/\/arcedula.hu\/blog\/2018\/12\/08\/igazi-vagy-mufenyo-hogyan-valasszam-ki-a-tokeletes-karacsonyfat\/","title":{"rendered":"Igazi-, vagy m\u0171feny\u0151? Hogyan v\u00e1lasszam ki a t\u00f6k\u00e9letes kar\u00e1csonyf\u00e1t?"},"content":{"rendered":"<p><img loading=\"lazy\" class=\"size-medium wp-image-400 alignleft\" src=\"http:\/\/arcedula.hu\/blog\/wp-content\/uploads\/2018\/12\/c6f914a0fec4816d9cc0a69371b2b375-200x300.jpg\" alt=\"kar\u00e1csonyi aj\u00e1nd\u00e9k\" width=\"200\" height=\"300\" srcset=\"https:\/\/arcedula.hu\/blog\/wp-content\/uploads\/2018\/12\/c6f914a0fec4816d9cc0a69371b2b375-200x300.jpg 200w, https:\/\/arcedula.hu\/blog\/wp-content\/uploads\/2018\/12\/c6f914a0fec4816d9cc0a69371b2b375.jpg 427w\" sizes=\"(max-width: 200px) 100vw, 200px\" \/>A t\u00f6k\u00e9letes kar\u00e1csonyfa kiv\u00e1laszt\u00e1sa sokak sz\u00e1m\u00e1ra minden \u00e9vben felmer\u00fcl\u0151 probl\u00e9ma, vagy feladat, vagy kaland &#8211; nevezz\u00fck ak\u00e1rhogy, a kar\u00e1csonyfa kiv\u00e1laszt\u00e1sa nagy dolog, \u00e9s mindannyian azt szeretn\u00e9nk, ha sz\u00e9p f\u00e1nk lenne, mert h\u00e1t a kar\u00e1csony lelke a feny\u0151! A kar\u00e1csonyf\u00e1t \u00e1ll\u00edt\u00f3 embereknek k\u00e9t nagy csoportj\u00e1t ismerj\u00fck: azok, akik m\u0171feny\u0151t, \u00e9s azok, akik igazi feny\u0151t \u00e1ll\u00edtanak.\u00a0<!--more--><\/p>\n<p>Sokan azt mondj\u00e1k, hogy felesleges az igazi feny\u0151vel szenvedni, pl\u00e1ne, hogy a feny\u0151kitermel\u00e9s ezen luxus c\u00e9lb\u00f3l sokak szerint helytelen is. M\u00e1sok azzal oldj\u00e1k ezt meg, hogy egy baba feny\u0151t v\u00e1s\u00e1rolnak, melyet f\u00f6ldest\u00fcl visznek az otthonukba, \u00e9s ut\u00e1na eladj\u00e1k, vagy ki\u00fcltetik \u0151ket valahova. Megint m\u00e1sok pedig azt mondj\u00e1k, hogy\u00a0 a feny\u0151 ut\u00e1ni takar\u00edt\u00e1s, a t\u0171levelek \u00f6sszeszed\u00e9se \u00e9s az elsz\u00e1radt fa elt\u00fczel\u00e9se vagy kidob\u00e1sa mind-mind csak p\u00fap a nyakukban, \u00e9s ez\u00e9rt ink\u00e1bb a m\u0171feny\u0151 v\u00e1s\u00e1rl\u00e1st prefer\u00e1lj\u00e1k.<\/p>\n<p>Szem\u00e9ly szerint \u00e9n mindig is jobban szerettem az igazi feny\u0151ket: az illatuk \u00e9s a hangulatuk miatt, de egyet kell \u00e9rtenem a m\u0171feny\u0151-p\u00e1rtiakkal abban, hogy semmi \u00e9rtelme annak, hogy f\u00e9l erd\u0151ket irtsunk ki, vagy hogy az\u00e9rt teny\u00e9ssz\u00fcnk ki f\u00e1kat, hogy azt\u00e1n 1-2 h\u00e9tig sz\u00e9pen \u00e1lljanak a lak\u00e1sunkban.<\/p>\n<p>Mivel manaps\u00e1g m\u00e1r min\u0151s\u00e9gi \u00e9s gy\u00f6ny\u00f6r\u0171 m\u0171feny\u0151ket lehet kapni, ez\u00e9rt \u00fagy gondolom, hogy helyesebb v\u00e1laszt\u00e1s \u00f6kol\u00f3giai szempontb\u00f3l is, ha ezek mellett tessz\u00fck le a voksunkat. <a href=\"http:\/\/arcedula.hu\/kategoria\/karacsonyi-termekek\">Sok m\u0171feny\u0151 megk\u00fcl\u00f6nb\u00f6ztethetetlen az igazi f\u00e1kt\u00f3l<\/a>, mivel sz\u00e1laikat vari\u00e1lj\u00e1k az \u00e1gaikon, azaz j\u00e1tszanak az \u00e1gakon elhelyezett sz\u00e1lak m\u00e9ter\u00e9vel, hossz\u00fas\u00e1g\u00e1val, vastags\u00e1g\u00e1val. Feld\u00edsz\u00edtve pedig m\u00e9g kev\u00e9sb\u00e9 szembet\u0171n\u0151 a k\u00fcl\u00f6nbs\u00e9g &#8211; tal\u00e1n csak annyiban, hogy a m\u0171feny\u0151 form\u00e1s \u00e9s t\u00f6k\u00e9letesen szimmetrikus, b\u00e1r az \u00e1gakon lev\u0151 kisebb vessz\u0151k dr\u00f3tb\u00f3l k\u00e9sz\u00fcltek, \u00e9s ide-oda hajthat\u00f3ak, ennek k\u00f6sz\u00f6nhet\u0151en &#8220;rendetlen\u00fcl&#8221; rendezhet\u0151ek az \u00e1gakon lev\u0151 hajt\u00e1sok.<\/p>\n","protected":false},"excerpt":{"rendered":"<p>A t\u00f6k\u00e9letes kar\u00e1csonyfa kiv\u00e1laszt\u00e1sa sokak sz\u00e1m\u00e1ra minden \u00e9vben felmer\u00fcl\u0151 probl\u00e9ma, vagy feladat, vagy kaland &#8211; nevezz\u00fck ak\u00e1rhogy, a kar\u00e1csonyfa kiv\u00e1laszt\u00e1sa nagy dolog, \u00e9s mindannyian azt szeretn\u00e9nk, ha sz\u00e9p f\u00e1nk lenne, mert h\u00e1t a kar\u00e1csony lelke a feny\u0151! A kar\u00e1csonyf\u00e1t \u00e1ll\u00edt\u00f3 embereknek k\u00e9t nagy csoportj\u00e1t ismerj\u00fck: azok, akik m\u0171feny\u0151t, \u00e9s azok, akik igazi feny\u0151t \u00e1ll\u00edtanak.\u00a0<\/p>\n","protected":false},"author":3,"featured_media":0,"comment_status":"closed","ping_status":"closed","sticky":false,"template":"","format":"standard","meta":[],"categories":[3],"tags":[],"_links":{"self":[{"href":"https:\/\/arcedula.hu\/blog\/wp-json\/wp\/v2\/posts\/386"}],"collection":[{"href":"https:\/\/arcedula.hu\/blog\/wp-json\/wp\/v2\/posts"}],"about":[{"href":"https:\/\/arcedula.hu\/blog\/wp-json\/wp\/v2\/types\/post"}],"author":[{"embeddable":true,"href":"https:\/\/arcedula.hu\/blog\/wp-json\/wp\/v2\/users\/3"}],"replies":[{"embeddable":true,"href":"https:\/\/arcedula.hu\/blog\/wp-json\/wp\/v2\/comments?post=386"}],"version-history":[{"count":4,"href":"https:\/\/arcedula.hu\/blog\/wp-json\/wp\/v2\/posts\/386\/revisions"}],"predecessor-version":[{"id":401,"href":"https:\/\/arcedula.hu\/blog\/wp-json\/wp\/v2\/posts\/386\/revisions\/401"}],"wp:attachment":[{"href":"https:\/\/arcedula.hu\/blog\/wp-json\/wp\/v2\/media?parent=386"}],"wp:term":[{"taxonomy":"category","embeddable":true,"href":"https:\/\/arcedula.hu\/blog\/wp-json\/wp\/v2\/categories?post=386"},{"taxonomy":"post_tag","embeddable":true,"href":"https:\/\/arcedula.hu\/blog\/wp-json\/wp\/v2\/tags?post=386"}],"curies":[{"name":"wp","href":"https:\/\/api.w.org\/{rel}","templated":true}]}}