{"id":373,"date":"2018-12-03T12:07:02","date_gmt":"2018-12-03T11:07:02","guid":{"rendered":"http:\/\/arcedula.hu\/blog\/?p=373"},"modified":"2018-12-03T12:07:02","modified_gmt":"2018-12-03T11:07:02","slug":"on-mit-ad-karacsonyra-a-rokonainak","status":"publish","type":"post","link":"https:\/\/arcedula.hu\/blog\/2018\/12\/03\/on-mit-ad-karacsonyra-a-rokonainak\/","title":{"rendered":"\u00d6n mit ad kar\u00e1csonyra a rokonainak?"},"content":{"rendered":"<p><img loading=\"lazy\" class=\"size-medium wp-image-374 alignleft\" src=\"http:\/\/arcedula.hu\/blog\/wp-content\/uploads\/2018\/12\/ad45c29ac3977d0252da29e2c477c67e-200x300.jpg\" alt=\"kar\u00e1csonyi aj\u00e1nd\u00e9k \" width=\"200\" height=\"300\" srcset=\"https:\/\/arcedula.hu\/blog\/wp-content\/uploads\/2018\/12\/ad45c29ac3977d0252da29e2c477c67e-200x300.jpg 200w, https:\/\/arcedula.hu\/blog\/wp-content\/uploads\/2018\/12\/ad45c29ac3977d0252da29e2c477c67e.jpg 500w\" sizes=\"(max-width: 200px) 100vw, 200px\" \/>Szem\u00e9ly szerint meglep\u0151dtem, hogy m\u00e1r december 2.-ig sz\u00e1mos ismer\u0151s\u00f6m bev\u00e1s\u00e1rolta a kar\u00e1csonyi\u00a0 aj\u00e1nd\u00e9kokat, s\u0151t, sokan m\u00e1r a f\u00e1t is fel\u00e1ll\u00edtott\u00e1k. Szem\u00e9ly szerint m\u00e9g csak od\u00e1ig jutottam, hogy csin\u00e1ltam a f\u00e1ra egy-k\u00e9t saj\u00e1t k\u00e9sz\u00edt\u00e9s\u0171 d\u00edszt.\u00a0<!--more--><\/p>\n<p>Bevallom, nem rendelkezem jelenleg t\u00fal sok aj\u00e1nd\u00e9k\u00f6tlettel, pedig biztosan lehetne k\u00fcl\u00f6nleges dolgokat kital\u00e1lni: az egyik term\u00e9szetesen a f\u00e9rfiaknak sz\u00e1nt aj\u00e1nd\u00e9k\u00f6tletek k\u00f6z\u00fcl az <a href=\"http:\/\/arcedula.hu\/kategoria\/alkohol\">alkoholos ital csomagok<\/a>, melyek\u00a0 sok esetben nem csak egy, hanem t\u00f6bb kisebb kiszerel\u00e9sben tartalmazz\u00e1k a k\u00fcl\u00f6nf\u00e9le italspecialit\u00e1sokat. Egy ilyen csomagnak tal\u00e1n h\u00f6lgyek is \u00f6r\u00fclhetnek, kiv\u00e1ltk\u00e9pp, ha t\u00e9nyleg egy eszt\u00e9tikus, k\u00fcl\u00f6nleges italokat tartalmaz\u00f3 csomagot adunk.<\/p>\n<p>H\u00f6lgyeknek, akik szeretnek s\u00fct\u00f6getni egy <a href=\"http:\/\/arcedula.hu\/kategoria\/gasztronomia-konyv\">k\u00fcl\u00f6nleges szak\u00e1csk\u00f6nyv<\/a>, aranyat \u00e9rhet! Nem is kell m\u00e1s, csak hogy egy olyan darabot szerezz\u00fcnk be, mely ritk\u00e1bbnak sz\u00e1m\u00edt a piacon. A v\u00e1laszt\u00e1shoz nem \u00e1rt ismerni a h\u00f6lgy egy\u00e9ni \u00edzl\u00e9s\u00e9t sem &#8211; kiv\u00e1l\u00f3 s\u00fctem\u00e9nyes, leveses receptes k\u00f6nyvek vannak ma m\u00e1r a piacon, ezen k\u00edv\u00fcl pedig olyan receptes k\u00f6nyveket is tal\u00e1lunk, melyek k\u00fcl\u00f6nf\u00e9le f\u0151szerek, te\u00e1k, k\u00e1v\u00e9k t\u00f6rt\u00e9net\u00e9t is elbesz\u00e9lik, ezek a k\u00f6nyvek izgalmas gasztron\u00f3miai kalandra invit\u00e1lj\u00e1k az olvas\u00f3jukat.<\/p>\n<p>Elvileg aj\u00e1nd\u00e9kba t\u00f6bben szeretnek sz\u00e9p dolgokat tal\u00e1lni, mint hasznosakat: n\u0151k eset\u00e9ben ezek lehetnek k\u00fcl\u00f6nf\u00e9le sz\u00e9ps\u00e9g\u00e1pol\u00e1si term\u00e9kek. Itt is \u00e9rdemes ismerni az \u00edzl\u00e9s\u00fcket, igaz\u00e1b\u00f3l v\u00e1laszthatunk ak\u00e1rmilyen alapdarabot, biztosan meg tudjuk oldani, hogy olyan term\u00e9keket szerezz\u00fcnk, melynek az illet\u0151 \u00f6r\u00fclni fog, \u00e9s mely nem tartozik azok k\u00f6z\u00e9 a term\u00e9kek k\u00f6z\u00e9, melyet mag\u00e1nak is beszerezne. A f\u00e9rfiakat is meg lehet lepni kisebb-nagyobb aj\u00e1nd\u00e9kokkal. Azokat, akik szeretnek <a href=\"http:\/\/arcedula.hu\/kategoria\/konzol-videojatek\">videoj\u00e1t\u00e9k esteket<\/a> tartani, azokat meg lehet lepni valamilyen kieg\u00e9sz\u00edt\u0151vel, a kedvenc j\u00e1t\u00e9k\u00e1nak grafik\u00e1ival ell\u00e1tott nyomtatott p\u00f3l\u00f3val, esetleg b\u00f6gr\u00e9vel. A vicces p\u00f3l\u00f3kat mindenki szeretni, \u00e9s az ilyen k\u00fcl\u00f6nleges alkalmakkor, mint amilyen a kar\u00e1csony, ez egy teli tal\u00e1lat lehet.<\/p>\n<p>&nbsp;<\/p>\n<p>&nbsp;<\/p>\n<p>&nbsp;<\/p>\n<p>&nbsp;<\/p>\n","protected":false},"excerpt":{"rendered":"<p>Szem\u00e9ly szerint meglep\u0151dtem, hogy m\u00e1r december 2.-ig sz\u00e1mos ismer\u0151s\u00f6m bev\u00e1s\u00e1rolta a kar\u00e1csonyi\u00a0 aj\u00e1nd\u00e9kokat, s\u0151t, sokan m\u00e1r a f\u00e1t is fel\u00e1ll\u00edtott\u00e1k. Szem\u00e9ly szerint m\u00e9g csak od\u00e1ig jutottam, hogy csin\u00e1ltam a f\u00e1ra egy-k\u00e9t saj\u00e1t k\u00e9sz\u00edt\u00e9s\u0171 d\u00edszt.\u00a0<\/p>\n","protected":false},"author":3,"featured_media":0,"comment_status":"closed","ping_status":"closed","sticky":false,"template":"","format":"standard","meta":[],"categories":[3],"tags":[],"_links":{"self":[{"href":"https:\/\/arcedula.hu\/blog\/wp-json\/wp\/v2\/posts\/373"}],"collection":[{"href":"https:\/\/arcedula.hu\/blog\/wp-json\/wp\/v2\/posts"}],"about":[{"href":"https:\/\/arcedula.hu\/blog\/wp-json\/wp\/v2\/types\/post"}],"author":[{"embeddable":true,"href":"https:\/\/arcedula.hu\/blog\/wp-json\/wp\/v2\/users\/3"}],"replies":[{"embeddable":true,"href":"https:\/\/arcedula.hu\/blog\/wp-json\/wp\/v2\/comments?post=373"}],"version-history":[{"count":1,"href":"https:\/\/arcedula.hu\/blog\/wp-json\/wp\/v2\/posts\/373\/revisions"}],"predecessor-version":[{"id":375,"href":"https:\/\/arcedula.hu\/blog\/wp-json\/wp\/v2\/posts\/373\/revisions\/375"}],"wp:attachment":[{"href":"https:\/\/arcedula.hu\/blog\/wp-json\/wp\/v2\/media?parent=373"}],"wp:term":[{"taxonomy":"category","embeddable":true,"href":"https:\/\/arcedula.hu\/blog\/wp-json\/wp\/v2\/categories?post=373"},{"taxonomy":"post_tag","embeddable":true,"href":"https:\/\/arcedula.hu\/blog\/wp-json\/wp\/v2\/tags?post=373"}],"curies":[{"name":"wp","href":"https:\/\/api.w.org\/{rel}","templated":true}]}}