{"id":34,"date":"2018-05-04T11:55:26","date_gmt":"2018-05-04T09:55:26","guid":{"rendered":"http:\/\/arcedula.hu\/blog\/?p=34"},"modified":"2018-05-10T15:26:14","modified_gmt":"2018-05-10T13:26:14","slug":"hajgondorites-vagy-egyenesites","status":"publish","type":"post","link":"https:\/\/arcedula.hu\/blog\/2018\/05\/04\/hajgondorites-vagy-egyenesites\/","title":{"rendered":"Hajg\u00f6nd\u00f6r\u00edt\u00e9s, vagy egyenes\u00edt\u00e9s?"},"content":{"rendered":"<p><img loading=\"lazy\" class=\"alignleft wp-image-50 size-medium\" src=\"http:\/\/arcedula.hu\/blog\/wp-content\/uploads\/2018\/05\/young-3250599_960_720-300x260.jpg\" alt=\"\" width=\"300\" height=\"260\" srcset=\"https:\/\/arcedula.hu\/blog\/wp-content\/uploads\/2018\/05\/young-3250599_960_720-300x260.jpg 300w, https:\/\/arcedula.hu\/blog\/wp-content\/uploads\/2018\/05\/young-3250599_960_720-768x665.jpg 768w, https:\/\/arcedula.hu\/blog\/wp-content\/uploads\/2018\/05\/young-3250599_960_720.jpg 831w\" sizes=\"(max-width: 300px) 100vw, 300px\" \/>A divat folyton v\u00e1ltozik, a st\u00edlus viszont \u00f6r\u00f6k\u2026. legal\u00e1bbis ezt szokt\u00e1k mondani. Mindannyiunknak megvan a maga st\u00edlusa, melyek j\u00f3 ha meg\u0151rz\u00fcnk, de az\u00e9rt nem \u00e1rt haladni a korral, \u00e9s itt-ott v\u00e1ltoztatni a szok\u00e1sainkon.<\/p>\n<p><!--more--><\/p>\n<p>A g\u00f6nd\u00f6r <a href=\"http:\/\/arcedula.hu\/kategoria\/hajapolas\">haj<\/a> \u00e9s az egyenes ha k\u00e9rd\u00e9se is ilyen. Nagyban befoly\u00e1solja ig\u00e9nyeinket, hogy milyen adotts\u00e1gokkal sz\u00fclett\u00fcnk, valamint hogy mi az aktu\u00e1lis trend. Magam r\u00e9sz\u00e9r\u0151l mindig loknikat szerettem volna annak ellen\u00e9re (s\u0151t val\u00f3sz\u00edn\u0171 \u00e9pp az\u00e9rt), hogy a hajam azonnal kil\u00f6ki mag\u00e1b\u00f3l a hull\u00e1mokat, ak\u00e1rmit kenek vagy f\u00fajok r\u00e1. Ellenben a csal\u00e1dom t\u00f6bbi n\u0151tagja, akiknek makacs hull\u00e1maik vannak, minden <a href=\"http:\/\/arcedula.hu\/kategoria\/hajformazo\">hajmos\u00e1s<\/a> ut\u00e1n \u00f3r\u00e1kat t\u00f6ltenek azzal, hogy besz\u00e1r\u00edts\u00e1k, vagy egyenesre vasalj\u00e1k a f\u00fcrtjeiket.<\/p>\n<p>&nbsp;<\/p>\n<p>Manaps\u00e1g m\u00e1r sz\u00e1mos m\u00f3dszer van arra, hogy v\u00e1ltoztassunk hajunk form\u00e1j\u00e1n. Tal\u00e1n a legismertebbek, \u00e9s legr\u00e9gebbi m\u00f3dszerek a csavar\u00f3k illetve a hajvasal\u00f3k, k\u00f6rkef\u00e9k. Viszont ami \u00fajabban felkeltette az \u00e9rdekl\u0151d\u00e9semet egyenes haj\u00fak\u00e9nt, az a hajg\u00f6nd\u00f6r\u00edt\u0151 k\u00e9sz\u00fcl\u00e9k, mely a le\u00edr\u00e1sok alapj\u00e1n egyetlen mozdulattal felcsavarj\u00e1k, \u00e9s beg\u00f6nd\u00f6r\u00edtik a tincseket. Sokkal egyszer\u0171bb m\u00f3dszernek t\u0171nik, mint a hajs\u00fct\u0151vasas m\u00f3dszer.<\/p>\n<p>S b\u00e1r az \u00e9n hajam viszonylag egyenes, m\u00e9gis haszn\u00e1t venn\u00e9m egy meleg\u00edthet\u0151 f\u00e9s\u0171nek, mely egyszerre \u201ek\u00f3cmentes\u00edti\u201d \u00e9s form\u00e1zza, azaz kisim\u00edtja a hajat.<\/p>\n<p>&nbsp;<\/p>\n<p>Sok helyen olvasom, hogy sokan \u00f3dzkodnak a h\u0151vel form\u00e1z\u00f3 hajform\u00e1z\u00f3kt\u00f3l, \u00e9s ink\u00e1bb v\u00e1lasztanak olyan eszk\u00f6z\u00f6ket, melyek nem roncsolj\u00e1k a hajat a magas h\u0151m\u00e9rs\u00e9klet ig\u00e9nybev\u00e9tel\u00e9vel. Ilyenek p\u00e9ld\u00e1ul azok a hajcsavar\u00f3 ihlette gumis, szilikonos, szivacsos eszk\u00f6z\u00f6k, melyekkel a nedves hajat feltekerik. B\u00e1r egyeseknek bev\u00e1lik a m\u00f3dszer, de \u00e9n \u00fagy tapasztaltam, hogy csak \u00f6sszek\u00f3col\u00f3dott \u00e9s kusza f\u00fcrtjeim lettek az ilyen eszk\u00f6z\u00f6k haszn\u00e1lata ut\u00e1n, ami ink\u00e1bb volt term\u00e9szetellenes \u00e9s ki\u00e1br\u00e1nd\u00edt\u00f3 mint sz\u00e9p \u00e9s eszt\u00e9tikus. \u00dagy gondolom, hogy megfelel\u0151 gondoz\u00e1s: haj\u00e1pol\u00f3 olajok \u00e9s pakol\u00e1sok, valamint rendszeres fodr\u00e1szl\u00e1togat\u00e1s mellett nem kell att\u00f3l f\u00e9ln\u00fcnk, hogy a hajunk t\u00f6nkremegy a h\u0151t ig\u00e9nyl\u0151 form\u00e1z\u00e1sok sor\u00e1n. B\u00e1r term\u00e9szetesen nem aj\u00e1nlom senkinek, hogy napi szinten s\u00fcsse be a haj\u00e1t. Egy bizonyos szinten mindannyiunknak meg kell b\u00e9k\u00e9lni a term\u00e9szet adta adotts\u00e1gainkkal.<\/p>\n","protected":false},"excerpt":{"rendered":"<p>A divat folyton v\u00e1ltozik, a st\u00edlus viszont \u00f6r\u00f6k\u2026. legal\u00e1bbis ezt szokt\u00e1k mondani. Mindannyiunknak megvan a maga st\u00edlusa, melyek j\u00f3 ha meg\u0151rz\u00fcnk, de az\u00e9rt nem \u00e1rt haladni a korral, \u00e9s itt-ott v\u00e1ltoztatni a szok\u00e1sainkon.<\/p>\n","protected":false},"author":3,"featured_media":0,"comment_status":"closed","ping_status":"closed","sticky":false,"template":"","format":"standard","meta":[],"categories":[4],"tags":[],"_links":{"self":[{"href":"https:\/\/arcedula.hu\/blog\/wp-json\/wp\/v2\/posts\/34"}],"collection":[{"href":"https:\/\/arcedula.hu\/blog\/wp-json\/wp\/v2\/posts"}],"about":[{"href":"https:\/\/arcedula.hu\/blog\/wp-json\/wp\/v2\/types\/post"}],"author":[{"embeddable":true,"href":"https:\/\/arcedula.hu\/blog\/wp-json\/wp\/v2\/users\/3"}],"replies":[{"embeddable":true,"href":"https:\/\/arcedula.hu\/blog\/wp-json\/wp\/v2\/comments?post=34"}],"version-history":[{"count":5,"href":"https:\/\/arcedula.hu\/blog\/wp-json\/wp\/v2\/posts\/34\/revisions"}],"predecessor-version":[{"id":69,"href":"https:\/\/arcedula.hu\/blog\/wp-json\/wp\/v2\/posts\/34\/revisions\/69"}],"wp:attachment":[{"href":"https:\/\/arcedula.hu\/blog\/wp-json\/wp\/v2\/media?parent=34"}],"wp:term":[{"taxonomy":"category","embeddable":true,"href":"https:\/\/arcedula.hu\/blog\/wp-json\/wp\/v2\/categories?post=34"},{"taxonomy":"post_tag","embeddable":true,"href":"https:\/\/arcedula.hu\/blog\/wp-json\/wp\/v2\/tags?post=34"}],"curies":[{"name":"wp","href":"https:\/\/api.w.org\/{rel}","templated":true}]}}