{"id":32,"date":"2018-04-24T11:46:58","date_gmt":"2018-04-24T09:46:58","guid":{"rendered":"http:\/\/arcedula.hu\/blog\/?p=32"},"modified":"2018-05-10T15:30:05","modified_gmt":"2018-05-10T13:30:05","slug":"mi-mindent-erdemes-beszerezni-ha-babat-vartok","status":"publish","type":"post","link":"https:\/\/arcedula.hu\/blog\/2018\/04\/24\/mi-mindent-erdemes-beszerezni-ha-babat-vartok\/","title":{"rendered":"Mi mindent \u00e9rdemes beszerezni, ha bab\u00e1t v\u00e1rtok?"},"content":{"rendered":"<p><img loading=\"lazy\" class=\"alignleft wp-image-45 size-medium\" src=\"http:\/\/arcedula.hu\/blog\/wp-content\/uploads\/2018\/04\/baba-300x200.jpg\" alt=\"\" width=\"300\" height=\"200\" srcset=\"https:\/\/arcedula.hu\/blog\/wp-content\/uploads\/2018\/04\/baba-300x200.jpg 300w, https:\/\/arcedula.hu\/blog\/wp-content\/uploads\/2018\/04\/baba-768x512.jpg 768w, https:\/\/arcedula.hu\/blog\/wp-content\/uploads\/2018\/04\/baba.jpg 960w\" sizes=\"(max-width: 300px) 100vw, 300px\" \/>Az els\u0151 <a href=\"http:\/\/arcedula.hu\/kategoria\/baba-mama\">kisbaba<\/a> sz\u00fclet\u00e9sekor vannak a legnagyobb gondban a sz\u00fcl\u0151k, amikor hirtelen a nyakukba szakad a felismer\u00e9s, hogy mennyi mindent kellene m\u00e9g beszerezni\u00fck a baba sz\u00fclet\u00e9se el\u0151tt. A legalapvet\u0151bb felszerel\u00e9sek megl\u00e9t\u00e9r\u0151l persze gondoskodnak a sz\u00fcl\u0151k, de van p\u00e1r olyan felszerel\u00e9s, melyet sokan elfelejtenek, vagy csak id\u0151 k\u00f6zben j\u00f6nnek r\u00e1, hogy sz\u00fcks\u00e9g lenne r\u00e1juk. Eml\u00edt\u00fcnk p\u00e1rat, amit nem \u00e1rt min\u00e9l hamarabb beszerezned:<!--more--><\/p>\n<p>Sokszor probl\u00e9m\u00e1t jelent, hogy mikor m\u00e1r a baba k\u00e9pes nagyobb t\u00e1vols\u00e1gok megt\u00e9tel\u00e9re, elkezd k\u00edv\u00e1ncsis\u00e1gb\u00f3l kutatni a lak\u00e1sban. Ilyenkor szokt\u00e1k a sz\u00fcl\u0151k \u00e1thelyezni a vesz\u00e9lyes dolgokat. Sokkal egyszer\u0171bb megold\u00e1s, ha a vesz\u00e9lyes t\u00e1rgyakat, fert\u0151tlen\u00edt\u0151szereket tartalmaz\u00f3 fi\u00f3kokat, szekr\u00e9nyeket <a href=\"http:\/\/arcedula.hu\/kategoria\/bababiztonsag\">biztons\u00e1gi z\u00e1rral<\/a> l\u00e1tjuk el. N\u00e9melyik ilyen z\u00e1r diszkr\u00e9ten elhelyezhet\u0151 az ajt\u00f3k fels\u0151 fel\u00e9n: ezek csak kipattint\u00e1ssal nyithat\u00f3ak, \u00edgy a gyerek nem tudja kinyitni \u0151ket, de a sz\u00fcl\u0151 egyszer\u0171en hozz\u00e1f\u00e9r a vesz\u00e9lyes t\u00e1rgyakhoz.<\/p>\n<p>Ugyan \u00edgy nyitogatj\u00e1k a gyerekek egy id\u0151 ut\u00e1n a h\u0171t\u0151szekr\u00e9nyt, ami nem csak amiatt lehet vesz\u00e9lyes, mert mag\u00e1ra r\u00e1nthat valamit \u2013 b\u00e1r nyilv\u00e1n ez lenne a nagyobb baj-, hanem az\u00e9rt is, mert ha nyitva marad az ajt\u00f3, megromolhatnak az \u00e9telek, leengedhet a h\u0171t\u0151, vagy megehet a gyerek valami olyat, ami k\u00e1ros lehet az eg\u00e9szs\u00e9g\u00e9re, beleihat alkoholba, stb.<\/p>\n<p>Amikor gyerekek voltunk minden konnektorban konnektorv\u00e9d\u0151 dug\u00f3 volt. Pedig eml\u00e9kszem, hogy att\u00f3l fogva, hogy felh\u00edvt\u00e1k a figyelmemet a konnektor vesz\u00e9lyeire azonnal bele akartam t\u00f6mni valamit\u2026 ilyenek a gyerekek sajnos. \u00cdgy nem \u00e1rt v\u00e9dekezni a k\u00edv\u00e1ncsis\u00e1gukb\u00f3l fakad\u00f3 butas\u00e1gok ellen.<\/p>\n<p>Vannak gyerekek, akik nehezen szoknak hozz\u00e1 ahhoz, hogy m\u00e1r nem r\u00e1csos \u00e1gyban alszanak az \u00e9jjel. Nekik lehet nagy seg\u00edts\u00e9g az els\u0151 h\u00f3napokban a h\u00e1l\u00f3s legurul\u00e1sg\u00e1tl\u00f3, melyet az \u00e1gy sz\u00e9l\u00e9re lehet szerelni.<\/p>\n","protected":false},"excerpt":{"rendered":"<p>Az els\u0151 kisbaba sz\u00fclet\u00e9sekor vannak a legnagyobb gondban a sz\u00fcl\u0151k, amikor hirtelen a nyakukba szakad a felismer\u00e9s, hogy mennyi mindent kellene m\u00e9g beszerezni\u00fck a baba sz\u00fclet\u00e9se el\u0151tt. A legalapvet\u0151bb felszerel\u00e9sek megl\u00e9t\u00e9r\u0151l persze gondoskodnak a sz\u00fcl\u0151k, de van p\u00e1r olyan felszerel\u00e9s, melyet sokan elfelejtenek, vagy csak id\u0151 k\u00f6zben j\u00f6nnek r\u00e1, hogy sz\u00fcks\u00e9g lenne r\u00e1juk. Eml\u00edt\u00fcnk p\u00e1rat, &hellip; <a href=\"https:\/\/arcedula.hu\/blog\/2018\/04\/24\/mi-mindent-erdemes-beszerezni-ha-babat-vartok\/\" class=\"more-link\"><span class=\"screen-reader-text\">Mi mindent \u00e9rdemes beszerezni, ha bab\u00e1t v\u00e1rtok?<\/span> r\u00e9szletei&#8230;<\/a><\/p>\n","protected":false},"author":3,"featured_media":0,"comment_status":"closed","ping_status":"closed","sticky":false,"template":"","format":"standard","meta":[],"categories":[5],"tags":[],"_links":{"self":[{"href":"https:\/\/arcedula.hu\/blog\/wp-json\/wp\/v2\/posts\/32"}],"collection":[{"href":"https:\/\/arcedula.hu\/blog\/wp-json\/wp\/v2\/posts"}],"about":[{"href":"https:\/\/arcedula.hu\/blog\/wp-json\/wp\/v2\/types\/post"}],"author":[{"embeddable":true,"href":"https:\/\/arcedula.hu\/blog\/wp-json\/wp\/v2\/users\/3"}],"replies":[{"embeddable":true,"href":"https:\/\/arcedula.hu\/blog\/wp-json\/wp\/v2\/comments?post=32"}],"version-history":[{"count":4,"href":"https:\/\/arcedula.hu\/blog\/wp-json\/wp\/v2\/posts\/32\/revisions"}],"predecessor-version":[{"id":76,"href":"https:\/\/arcedula.hu\/blog\/wp-json\/wp\/v2\/posts\/32\/revisions\/76"}],"wp:attachment":[{"href":"https:\/\/arcedula.hu\/blog\/wp-json\/wp\/v2\/media?parent=32"}],"wp:term":[{"taxonomy":"category","embeddable":true,"href":"https:\/\/arcedula.hu\/blog\/wp-json\/wp\/v2\/categories?post=32"},{"taxonomy":"post_tag","embeddable":true,"href":"https:\/\/arcedula.hu\/blog\/wp-json\/wp\/v2\/tags?post=32"}],"curies":[{"name":"wp","href":"https:\/\/api.w.org\/{rel}","templated":true}]}}